{"id":464,"date":"2023-03-12T13:07:17","date_gmt":"2023-03-12T12:07:17","guid":{"rendered":"https:\/\/de.facts2reason.com\/?p=464"},"modified":"2024-02-21T14:25:58","modified_gmt":"2024-02-21T13:25:58","slug":"stakeholder-kapitalismus-und-great-reset-versprechen-und-wirklichkeit","status":"publish","type":"post","link":"https:\/\/de.facts2reason.com\/index.php\/2023\/03\/12\/stakeholder-kapitalismus-und-great-reset-versprechen-und-wirklichkeit\/","title":{"rendered":"Der Great Reset &#8211; Versprechen und Wirklichkeit"},"content":{"rendered":"\t\t<div data-elementor-type=\"wp-post\" data-elementor-id=\"464\" class=\"elementor elementor-464\">\n\t\t\t\t\t\t<section class=\"elementor-section elementor-top-section elementor-element elementor-element-dd20dd4 elementor-section-boxed elementor-section-height-default elementor-section-height-default\" data-id=\"dd20dd4\" data-element_type=\"section\" data-e-type=\"section\">\n\t\t\t\t\t\t<div class=\"elementor-container elementor-column-gap-default\">\n\t\t\t\t\t<div class=\"elementor-column elementor-col-100 elementor-top-column elementor-element elementor-element-b207707\" data-id=\"b207707\" data-element_type=\"column\" data-e-type=\"column\">\n\t\t\t<div class=\"elementor-widget-wrap elementor-element-populated\">\n\t\t\t\t\t\t<div class=\"elementor-element elementor-element-877839c elementor-widget elementor-widget-text-editor\" data-id=\"877839c\" data-element_type=\"widget\" data-e-type=\"widget\" data-widget_type=\"text-editor.default\">\n\t\t\t\t<div class=\"elementor-widget-container\">\n\t\t\t\t\t\t\t\t\t<p><strong>Einleitung<\/strong><\/p>\t\t\t\t\t\t\t\t<\/div>\n\t\t\t\t<\/div>\n\t\t\t\t\t<\/div>\n\t\t<\/div>\n\t\t\t\t\t<\/div>\n\t\t<\/section>\n\t\t\t\t<section class=\"elementor-section elementor-top-section elementor-element elementor-element-52194e7 elementor-section-boxed elementor-section-height-default elementor-section-height-default\" data-id=\"52194e7\" data-element_type=\"section\" data-e-type=\"section\">\n\t\t\t\t\t\t<div class=\"elementor-container elementor-column-gap-default\">\n\t\t\t\t\t<div class=\"elementor-column elementor-col-100 elementor-top-column elementor-element elementor-element-d316880\" data-id=\"d316880\" data-element_type=\"column\" data-e-type=\"column\">\n\t\t\t<div class=\"elementor-widget-wrap elementor-element-populated\">\n\t\t\t\t\t\t<div class=\"elementor-element elementor-element-91da5e1 elementor-widget elementor-widget-text-editor\" data-id=\"91da5e1\" data-element_type=\"widget\" data-e-type=\"widget\" data-widget_type=\"text-editor.default\">\n\t\t\t\t<div class=\"elementor-widget-container\">\n\t\t\t\t\t\t\t\t\t<p>Seit Jahren propagiert das <a href=\"https:\/\/www.weforum.org\/about\/world-economic-forum\/\">Weltwirtschaftsforum<\/a> (WEF) den &#8222;<strong>Great Reset<\/strong>&#8222;.\u00a0 Es sei die <strong>L\u00f6sung<\/strong> f\u00fcr die, wie es <a href=\"https:\/\/www.weforum.org\/agenda\/2020\/07\/to-build-back-better-we-must-reinvent-capitalism-heres-how\/\">sagt<\/a>, &#8222;<strong>Fragilit\u00e4t und die gesellschaftlich negativen Ergebnisse der heutigen kapitalistischen Wirtschaft<\/strong>&#8222;. Die von COVID aufgedeckten &#8222;vielen Schwachstellen &#8211; innerhalb von Unternehmen, Lieferketten, Volkswirtschaften, Gesundheitssystemen und politischen Institutionen\u201c \u00a0m\u00fcssten dringend angegangen werden.<\/p>\t\t\t\t\t\t\t\t<\/div>\n\t\t\t\t<\/div>\n\t\t\t\t\t<\/div>\n\t\t<\/div>\n\t\t\t\t\t<\/div>\n\t\t<\/section>\n\t\t\t\t<section class=\"elementor-section elementor-top-section elementor-element elementor-element-5251f01 elementor-section-boxed elementor-section-height-default elementor-section-height-default\" data-id=\"5251f01\" data-element_type=\"section\" data-e-type=\"section\">\n\t\t\t\t\t\t<div class=\"elementor-container elementor-column-gap-default\">\n\t\t\t\t\t<div class=\"elementor-column elementor-col-100 elementor-top-column elementor-element elementor-element-8254683\" data-id=\"8254683\" data-element_type=\"column\" data-e-type=\"column\">\n\t\t\t<div class=\"elementor-widget-wrap elementor-element-populated\">\n\t\t\t\t\t\t<div class=\"elementor-element elementor-element-2fde896 elementor-widget elementor-widget-text-editor\" data-id=\"2fde896\" data-element_type=\"widget\" data-e-type=\"widget\" data-widget_type=\"text-editor.default\">\n\t\t\t\t<div class=\"elementor-widget-container\">\n\t\t\t\t\t\t\t\t\t<p>Weiter behauptet das WEF, dass &#8222;gebrochene Anreize und Informationsfl\u00fcsse&#8220; &#8230; &#8222;das Herzst\u00fcck unseres derzeitigen Kapitalismusmodells&#8220; seien. Es meint damit, dass &#8222;<strong>die Kosten von Umwelt- und Sozialsch\u00e4den<\/strong> (nicht) internalisiert&#8220; werden. Die Investoren &#8222;integrieren &#8230; keine Umwelt-, Sozial- und Governance-Informationen (ESG) in Finanzanalysen und Bewertungsmodelle&#8220;.<\/p><p>Daher vertritt es die Meinung nach COVID sei &#8222;ein <strong>inklusiver und gr\u00fcner Wiederaufbau<\/strong> unerl\u00e4sslich&#8220;.\u00a0 Mit anderen Worten: sein Great Reset ist unabdingbar.<\/p><p>Schon heute wird die freie Marktwirtschaft in hohem Ma\u00dfe reguliert, um breitere Bed\u00fcrfnisse der Gesellschaft zu erf\u00fcllen. Es gibt Gesetze, die festlegen, was ein Unternehmen in die Umwelt freisetzen darf. Die Finanzberichterstattung folgt detaillierten Vorschriften. Der Bau einer neuen Anlage muss ein kompliziertes Genehmigungsverfahren durchlaufen. Arbeitnehmer haben Rechte, die sie vor einem Richter einklagen k\u00f6nnen, und so weiter.<\/p>\t\t\t\t\t\t\t\t<\/div>\n\t\t\t\t<\/div>\n\t\t\t\t\t<\/div>\n\t\t<\/div>\n\t\t\t\t\t<\/div>\n\t\t<\/section>\n\t\t\t\t<section class=\"elementor-section elementor-top-section elementor-element elementor-element-adf24b7 elementor-section-boxed elementor-section-height-default elementor-section-height-default\" data-id=\"adf24b7\" data-element_type=\"section\" data-e-type=\"section\">\n\t\t\t\t\t\t<div class=\"elementor-container elementor-column-gap-default\">\n\t\t\t\t\t<div class=\"elementor-column elementor-col-100 elementor-top-column elementor-element elementor-element-3201e34\" data-id=\"3201e34\" data-element_type=\"column\" data-e-type=\"column\">\n\t\t\t<div class=\"elementor-widget-wrap elementor-element-populated\">\n\t\t\t\t\t\t<div class=\"elementor-element elementor-element-6136029 elementor-widget elementor-widget-text-editor\" data-id=\"6136029\" data-element_type=\"widget\" data-e-type=\"widget\" data-widget_type=\"text-editor.default\">\n\t\t\t\t<div class=\"elementor-widget-container\">\n\t\t\t\t\t\t\t\t\t<p>Das WEF fordert jedoch einen viel drastischeren Eingriff. Es will die freie Marktwirtschaft durch ein System ersetzen, in dem nicht Eigent\u00fcmer, Produzenten und Verbraucher die <strong>Hauptakteure<\/strong> sind, sondern die &#8222;<strong>Stakeholder<\/strong>&#8220; jeder wirtschaftlichen Aktivit\u00e4t. Ein Stakeholder ist eine &#8222;Einzelperson oder Gruppe, die ein Interesse an einer Entscheidung oder Aktivit\u00e4t einer Organisation hat&#8220;. (<a href=\"https:\/\/iso26000.info\/definitions\/\">ISO 26000<\/a>).<\/p><p>In diesem und den folgenden Blogs will ich aufzeigen, wie sich diese Idee in den letzten Jahren entwickelt hat und wohin sie letztlich unsere Gesellschaften f\u00fchren wird.<\/p>\t\t\t\t\t\t\t\t<\/div>\n\t\t\t\t<\/div>\n\t\t\t\t\t<\/div>\n\t\t<\/div>\n\t\t\t\t\t<\/div>\n\t\t<\/section>\n\t\t\t\t<section class=\"elementor-section elementor-top-section elementor-element elementor-element-bb187db elementor-section-boxed elementor-section-height-default elementor-section-height-default\" data-id=\"bb187db\" data-element_type=\"section\" data-e-type=\"section\">\n\t\t\t\t\t\t<div class=\"elementor-container elementor-column-gap-default\">\n\t\t\t\t\t<div class=\"elementor-column elementor-col-100 elementor-top-column elementor-element elementor-element-2da0132\" data-id=\"2da0132\" data-element_type=\"column\" data-e-type=\"column\">\n\t\t\t<div class=\"elementor-widget-wrap elementor-element-populated\">\n\t\t\t\t\t\t<div class=\"elementor-element elementor-element-f6029c2 elementor-widget elementor-widget-text-editor\" data-id=\"f6029c2\" data-element_type=\"widget\" data-e-type=\"widget\" data-widget_type=\"text-editor.default\">\n\t\t\t\t<div class=\"elementor-widget-container\">\n\t\t\t\t\t\t\t\t\t<p><strong>Die Stakeholder-Idee und ihre dunkle Schattenseite<\/strong><\/p>\t\t\t\t\t\t\t\t<\/div>\n\t\t\t\t<\/div>\n\t\t\t\t\t<\/div>\n\t\t<\/div>\n\t\t\t\t\t<\/div>\n\t\t<\/section>\n\t\t\t\t<section class=\"elementor-section elementor-top-section elementor-element elementor-element-3febba6 elementor-section-boxed elementor-section-height-default elementor-section-height-default\" data-id=\"3febba6\" data-element_type=\"section\" data-e-type=\"section\">\n\t\t\t\t\t\t<div class=\"elementor-container elementor-column-gap-default\">\n\t\t\t\t\t<div class=\"elementor-column elementor-col-100 elementor-top-column elementor-element elementor-element-917fe3a\" data-id=\"917fe3a\" data-element_type=\"column\" data-e-type=\"column\">\n\t\t\t<div class=\"elementor-widget-wrap elementor-element-populated\">\n\t\t\t\t\t\t<div class=\"elementor-element elementor-element-0bba157 elementor-widget elementor-widget-text-editor\" data-id=\"0bba157\" data-element_type=\"widget\" data-e-type=\"widget\" data-widget_type=\"text-editor.default\">\n\t\t\t\t<div class=\"elementor-widget-container\">\n\t\t\t\t\t\t\t\t\t<p>Vor 50 Jahren stellte Klaus Schwab, der Gr\u00fcnder des WEF, die Idee des <strong>Stakeholder-Kapitalismus<\/strong> vor.<\/p>\t\t\t\t\t\t\t\t<\/div>\n\t\t\t\t<\/div>\n\t\t\t\t\t<\/div>\n\t\t<\/div>\n\t\t\t\t\t<\/div>\n\t\t<\/section>\n\t\t\t\t<section class=\"elementor-section elementor-top-section elementor-element elementor-element-f8d05ba elementor-section-content-middle elementor-section-boxed elementor-section-height-default elementor-section-height-default\" data-id=\"f8d05ba\" data-element_type=\"section\" data-e-type=\"section\">\n\t\t\t\t\t\t<div class=\"elementor-container elementor-column-gap-default\">\n\t\t\t\t\t<div class=\"elementor-column elementor-col-50 elementor-top-column elementor-element elementor-element-1ac0e88\" data-id=\"1ac0e88\" data-element_type=\"column\" data-e-type=\"column\">\n\t\t\t<div class=\"elementor-widget-wrap elementor-element-populated\">\n\t\t\t\t\t\t<div class=\"elementor-element elementor-element-9d03dc8 elementor-widget elementor-widget-image\" data-id=\"9d03dc8\" data-element_type=\"widget\" data-e-type=\"widget\" data-widget_type=\"image.default\">\n\t\t\t\t<div class=\"elementor-widget-container\">\n\t\t\t\t\t\t\t\t\t\t\t\t\t\t\t<img decoding=\"async\" width=\"163\" height=\"205\" src=\"https:\/\/de.facts2reason.com\/wp-content\/uploads\/2023\/03\/Schwab.jpg\" class=\"attachment-large size-large wp-image-472\" alt=\"\" \/>\t\t\t\t\t\t\t\t\t\t\t\t\t\t\t<\/div>\n\t\t\t\t<\/div>\n\t\t\t\t\t<\/div>\n\t\t<\/div>\n\t\t\t\t<div class=\"elementor-column elementor-col-50 elementor-top-column elementor-element elementor-element-db7faec\" data-id=\"db7faec\" data-element_type=\"column\" data-e-type=\"column\">\n\t\t\t<div class=\"elementor-widget-wrap elementor-element-populated\">\n\t\t\t\t\t\t<div class=\"elementor-element elementor-element-4d702b8 elementor-widget elementor-widget-text-editor\" data-id=\"4d702b8\" data-element_type=\"widget\" data-e-type=\"widget\" data-widget_type=\"text-editor.default\">\n\t\t\t\t<div class=\"elementor-widget-container\">\n\t\t\t\t\t\t\t\t\t<p style=\"text-align: left;\"><strong>Professor Klaus Schwab<\/strong><\/p><p style=\"text-align: left;\"><span style=\"font-size: inherit; text-align: center; background-color: var(--theme-palette-color-7); color: var(--theme-text-color); font-family: var(--theme-font-family); font-style: var(--theme-font-style, inherit); font-weight: var(--theme-font-weight); letter-spacing: var(--theme-letter-spacing); text-transform: var(--theme-text-transform);\">Executive Chairman, World Economic Forum<\/span><\/p>\t\t\t\t\t\t\t\t<\/div>\n\t\t\t\t<\/div>\n\t\t\t\t\t<\/div>\n\t\t<\/div>\n\t\t\t\t\t<\/div>\n\t\t<\/section>\n\t\t\t\t<section class=\"elementor-section elementor-top-section elementor-element elementor-element-147a844 elementor-section-boxed elementor-section-height-default elementor-section-height-default\" data-id=\"147a844\" data-element_type=\"section\" data-e-type=\"section\">\n\t\t\t\t\t\t<div class=\"elementor-container elementor-column-gap-default\">\n\t\t\t\t\t<div class=\"elementor-column elementor-col-100 elementor-top-column elementor-element elementor-element-f32f675\" data-id=\"f32f675\" data-element_type=\"column\" data-e-type=\"column\">\n\t\t\t<div class=\"elementor-widget-wrap elementor-element-populated\">\n\t\t\t\t\t\t<div class=\"elementor-element elementor-element-2111c7a elementor-widget elementor-widget-text-editor\" data-id=\"2111c7a\" data-element_type=\"widget\" data-e-type=\"widget\" data-widget_type=\"text-editor.default\">\n\t\t\t\t<div class=\"elementor-widget-container\">\n\t\t\t\t\t\t\t\t\t<p>Die Behauptung lautete, dass ein Unternehmen nicht nur den Aktion\u00e4ren gegen\u00fcber rechenschaftspflichtig sein soll, sondern sich um die <strong>Interessen aller Betroffenen<\/strong> k\u00fcmmern muss, um nachhaltig zu sein.<\/p><p>Sicherlich wird jeder Manager oder Eigent\u00fcmer mit den l\u00e4ngerfristigen Interessen des Unternehmens vor Auge zustimmen, dass unmotivierte oder kranke Mitarbeiter, unzufriedene Nachbarn, misstrauische lokale Beamte das Unternehmen negativ beeinflussen werden. Und zweifelsohne wird er wahrgenommen haben, dass die sozialen und \u00f6kologischen Auswirkungen wirtschaftlicher Aktivit\u00e4ten immer mehr ins \u00f6ffentliche Bewusstsein r\u00fccken. Die <a href=\"https:\/\/de.wikipedia.org\/wiki\/Ziele_f%C3%BCr_nachhaltige_Entwicklung\">UN-Agenda 2030<\/a> f\u00fcr nachhaltige Entwicklung aus dem Jahr 2016 hat dieser erweiterten Verantwortung Ziele und eine Struktur gegeben.<\/p><p>Auf dieser Basis stie\u00df der Stakeholder-Gedanke sowohl in Unternehmen als auch in Universit\u00e4ten und Wirtschaftshochschulen auf offene T\u00fcren. Entsprechend wurden Leitfaden wie die Umwelt-, Sozial- und Governance-Kriterien (ESG) entwickelt und weltweit eingef\u00fchrt.<\/p>\t\t\t\t\t\t\t\t<\/div>\n\t\t\t\t<\/div>\n\t\t\t\t\t<\/div>\n\t\t<\/div>\n\t\t\t\t\t<\/div>\n\t\t<\/section>\n\t\t\t\t<section class=\"elementor-section elementor-top-section elementor-element elementor-element-5301900 elementor-section-boxed elementor-section-height-default elementor-section-height-default\" data-id=\"5301900\" data-element_type=\"section\" data-e-type=\"section\">\n\t\t\t\t\t\t<div class=\"elementor-container elementor-column-gap-default\">\n\t\t\t\t\t<div class=\"elementor-column elementor-col-100 elementor-top-column elementor-element elementor-element-c96573d\" data-id=\"c96573d\" data-element_type=\"column\" data-e-type=\"column\">\n\t\t\t<div class=\"elementor-widget-wrap elementor-element-populated\">\n\t\t\t\t\t\t<div class=\"elementor-element elementor-element-59acd7f elementor-widget elementor-widget-text-editor\" data-id=\"59acd7f\" data-element_type=\"widget\" data-e-type=\"widget\" data-widget_type=\"text-editor.default\">\n\t\t\t\t<div class=\"elementor-widget-container\">\n\t\t\t\t\t\t\t\t\t<p>Der <strong>Stakeholder-Ansatz<\/strong> hat jedoch eine sehr <strong>dunkle Schattenseite.<\/strong><\/p><p>&#8211; Der <strong>Shareholder-Kapitalismus<\/strong> konzentriert sich auf die Interessen der (privaten) <strong>Eigent\u00fcmer<\/strong>, wobei die Kunden die wichtigste Regulierungsinstanz sind.<\/p><p>&#8211; Der<strong> Stakeholder-Kapitalismus<\/strong> hingegen behauptet, sich auf die Interessen von <strong>wenig klar definierten Gruppen<\/strong> und Einheiten zu konzentrieren. Darunter sind der Planet, die Gesellschaft, die Regierungen, die unterdr\u00fcckten Minderheiten usw. Dies wird illustriert in den vom WEF in Anlehnung an die UN-Agenda 2030 f\u00fcr nachhaltige Entwicklung ver\u00f6ffentlichten vier S\u00e4ulen des Stakeholder-Kapitalismus:<\/p>\t\t\t\t\t\t\t\t<\/div>\n\t\t\t\t<\/div>\n\t\t\t\t\t<\/div>\n\t\t<\/div>\n\t\t\t\t\t<\/div>\n\t\t<\/section>\n\t\t\t\t<section class=\"elementor-section elementor-top-section elementor-element elementor-element-cbf553e elementor-section-boxed elementor-section-height-default elementor-section-height-default\" data-id=\"cbf553e\" data-element_type=\"section\" data-e-type=\"section\">\n\t\t\t\t\t\t<div class=\"elementor-container elementor-column-gap-default\">\n\t\t\t\t\t<div class=\"elementor-column elementor-col-100 elementor-top-column elementor-element elementor-element-8f6f7c4\" data-id=\"8f6f7c4\" data-element_type=\"column\" data-e-type=\"column\">\n\t\t\t<div class=\"elementor-widget-wrap elementor-element-populated\">\n\t\t\t\t\t\t<div class=\"elementor-element elementor-element-dfd6c00 elementor-widget elementor-widget-image\" data-id=\"dfd6c00\" data-element_type=\"widget\" data-e-type=\"widget\" data-widget_type=\"image.default\">\n\t\t\t\t<div class=\"elementor-widget-container\">\n\t\t\t\t\t\t\t\t\t\t\t\t\t\t\t<img fetchpriority=\"high\" decoding=\"async\" width=\"1024\" height=\"541\" src=\"https:\/\/de.facts2reason.com\/wp-content\/uploads\/2023\/03\/Four-pillars-1024x541.png\" class=\"attachment-large size-large wp-image-471\" alt=\"\" srcset=\"https:\/\/de.facts2reason.com\/wp-content\/uploads\/2023\/03\/Four-pillars-1024x541.png 1024w, https:\/\/de.facts2reason.com\/wp-content\/uploads\/2023\/03\/Four-pillars-300x158.png 300w, https:\/\/de.facts2reason.com\/wp-content\/uploads\/2023\/03\/Four-pillars-768x406.png 768w, https:\/\/de.facts2reason.com\/wp-content\/uploads\/2023\/03\/Four-pillars-1536x811.png 1536w, https:\/\/de.facts2reason.com\/wp-content\/uploads\/2023\/03\/Four-pillars.png 1963w\" sizes=\"(max-width: 1024px) 100vw, 1024px\" \/>\t\t\t\t\t\t\t\t\t\t\t\t\t\t\t<\/div>\n\t\t\t\t<\/div>\n\t\t\t\t\t<\/div>\n\t\t<\/div>\n\t\t\t\t\t<\/div>\n\t\t<\/section>\n\t\t\t\t<section class=\"elementor-section elementor-top-section elementor-element elementor-element-1100341 elementor-section-boxed elementor-section-height-default elementor-section-height-default\" data-id=\"1100341\" data-element_type=\"section\" data-e-type=\"section\">\n\t\t\t\t\t\t<div class=\"elementor-container elementor-column-gap-default\">\n\t\t\t\t\t<div class=\"elementor-column elementor-col-100 elementor-top-column elementor-element elementor-element-3c0ceb8\" data-id=\"3c0ceb8\" data-element_type=\"column\" data-e-type=\"column\">\n\t\t\t<div class=\"elementor-widget-wrap elementor-element-populated\">\n\t\t\t\t\t\t<div class=\"elementor-element elementor-element-368621d elementor-widget elementor-widget-text-editor\" data-id=\"368621d\" data-element_type=\"widget\" data-e-type=\"widget\" data-widget_type=\"text-editor.default\">\n\t\t\t\t<div class=\"elementor-widget-container\">\n\t\t\t\t\t\t\t\t\t<p>&#8211; Eigent\u00fcmer und Aktion\u00e4re haben <strong>klar definierte Mechanismen<\/strong>, um ihre Interessen zum Ausdruck zu bringen.<\/p><p>&#8211; Die oben erw\u00e4hnten Gruppen und \u00e4hnliche Einrichtungen jedoch haben <strong>weder klar definierte Interessen<\/strong> <strong>noch Mechanismen,<\/strong> diese zu vertreten.<\/p>\t\t\t\t\t\t\t\t<\/div>\n\t\t\t\t<\/div>\n\t\t\t\t\t<\/div>\n\t\t<\/div>\n\t\t\t\t\t<\/div>\n\t\t<\/section>\n\t\t\t\t<section class=\"elementor-section elementor-top-section elementor-element elementor-element-bd2131d elementor-section-boxed elementor-section-height-default elementor-section-height-default\" data-id=\"bd2131d\" data-element_type=\"section\" data-e-type=\"section\">\n\t\t\t\t\t\t<div class=\"elementor-container elementor-column-gap-default\">\n\t\t\t\t\t<div class=\"elementor-column elementor-col-100 elementor-top-column elementor-element elementor-element-f947557\" data-id=\"f947557\" data-element_type=\"column\" data-e-type=\"column\">\n\t\t\t<div class=\"elementor-widget-wrap elementor-element-populated\">\n\t\t\t\t\t\t<div class=\"elementor-element elementor-element-d869f58 elementor-widget elementor-widget-text-editor\" data-id=\"d869f58\" data-element_type=\"widget\" data-e-type=\"widget\" data-widget_type=\"text-editor.default\">\n\t\t\t\t<div class=\"elementor-widget-container\">\n\t\t\t\t\t\t\t\t\t<p><em>So schaffen die Bef\u00fcrworter des Stakeholder-Kapitalismus die perfekte Gelegenheit f\u00fcr diejenigen, die (mehr) Macht wollen, zu <strong>behaupten<\/strong>, sie w\u00fcrden diese oder jene von einer Gesch\u00e4ftst\u00e4tigkeit <strong>Betroffenen vertreten<\/strong> (BLM, Greenpeace, WEF). In ihrem Namen sagen sie uns dann, was richtig und falsch ist. Das Ziel ist die Verlagerung des Einflusses von den Besitzern\/Aktion\u00e4ren auf <strong>unkontrollierte Machttr\u00e4ger<\/strong>.<\/em><\/p>\t\t\t\t\t\t\t\t<\/div>\n\t\t\t\t<\/div>\n\t\t\t\t\t<\/div>\n\t\t<\/div>\n\t\t\t\t\t<\/div>\n\t\t<\/section>\n\t\t\t\t<section class=\"elementor-section elementor-top-section elementor-element elementor-element-e0a9ef8 elementor-section-boxed elementor-section-height-default elementor-section-height-default\" data-id=\"e0a9ef8\" data-element_type=\"section\" data-e-type=\"section\">\n\t\t\t\t\t\t<div class=\"elementor-container elementor-column-gap-default\">\n\t\t\t\t\t<div class=\"elementor-column elementor-col-100 elementor-top-column elementor-element elementor-element-a68ff17\" data-id=\"a68ff17\" data-element_type=\"column\" data-e-type=\"column\">\n\t\t\t<div class=\"elementor-widget-wrap elementor-element-populated\">\n\t\t\t\t\t\t<div class=\"elementor-element elementor-element-2df6753 elementor-widget elementor-widget-text-editor\" data-id=\"2df6753\" data-element_type=\"widget\" data-e-type=\"widget\" data-widget_type=\"text-editor.default\">\n\t\t\t\t<div class=\"elementor-widget-container\">\n\t\t\t\t\t\t\t\t\t<p>Deren n\u00e4chster logischer Schritt zur Ausweitung ihres Einflusses ist die Behauptung, dass fast alles in unserer Gesellschaft falsch ist und korrigiert werden muss. Dann beanspruchen sie unsere Unterst\u00fctzung f\u00fcr dieses Ziel. Danach werden sie <strong>Krisen erfinden, generieren oder ben\u00fctzen<\/strong> um die Dringlichkeit zu erh\u00f6hen und den Widerstand gegen ihren Machtzuwachs zu verringern. Sie argumentieren dann, dass Bottom-up-Systeme wie <strong>Demokratien nicht sehr effizient<\/strong> sind, um mit globalen Bedrohungen umzugehen. Es braucht den Great Reset.<\/p><p>Wir haben bereits einiges davon gesehen. Indem sie vorgeben, die Interessen der Betroffenen zu vertreten, haben <strong>nicht gew\u00e4hlte politische Machtakteure<\/strong> wie die UN oder die EU, Google und Co, Regierungsb\u00fcrokraten, die Wall Street usw. die <strong>Kontrolle<\/strong> \u00fcber einen Gro\u00dfteil unseres wirtschaftlichen und sozialen Lebens \u00fcbernommen. Sie sagen uns, was wir fahren d\u00fcrfen, was wir essen sollen, welche Pronomen wir verwenden m\u00fcssen, wie wir unsere Kinder erziehen und sogar, was wir sagen d\u00fcrfen. Oft koordinieren sie sich, um den Informationsfluss zu kontrollieren. Zum Beispiel wenn sie <strong>Kritik<\/strong> an Ma\u00dfnahmen wie die Unterdr\u00fcckung von Ivermectin, das Impfmandat, den massiven Ausbau von Windparks, den Zugang von biologischen M\u00e4nnern zu M\u00e4dchentoiletten usw. <strong>unterbinden oder bestrafen<\/strong>. <a href=\"https:\/\/www.theepochtimes.com\/state-brings-charges-against-dr-ryan-cole-for-prescribing-ivermectin-covid-19-vaccine-comments_5001082.html?utm_source=News&amp;src_src=News&amp;utm_campaign=breaking-2023-01-21-3&amp;src_cmp=breaking-2023-01-21-3&amp;utm_medium=email&amp;est=dwzEAkr9nqYvZlwqKx4SJ13a6VIudTTD1VFXGTMvvRR03UdvNanCKfnlvrfnhCeHT9KoJWcKKuM%3D\">\u00c4rzten<\/a> wird ihre Approbation genommen. <a href=\"https:\/\/reason.com\/2017\/01\/04\/georgia-tech-climatologist-judith-curry\/?comments=true&amp;amp\">Wissenschaftler<\/a> verlieren ihre Arbeitspl\u00e4tze. <a href=\"https:\/\/www1.cbn.com\/cbnnews\/us\/2022\/may\/republicans-offer-proof-of-fbi-targeting-parents-in-almost-every-region-for-speaking-out-at-school-board-meetings\">Eltern<\/a> werden vom FBI \u00fcberwacht. Blogger und Journalisten werden zensiert und abgeschaltet.<\/p><p>Die <strong><a href=\"https:\/\/www.foxnews.com\/media\/what-elon-musks-twitter-files-uncovered-about-tech-giant\">Twitter-Akten<\/a><\/strong> haben gezeigt, wohin die Idee der \u00f6ffentlich-privaten Partnerschaft (einer der Pfeiler des Great Reset) f\u00fchrt. In einer Partnerschaft zwischen der Regierung und einem gro\u00dfen Unternehmen wird kontrolliert, <strong>was wir<\/strong> normale Menschen <strong>wissen d\u00fcrfen<\/strong>.<\/p>\t\t\t\t\t\t\t\t<\/div>\n\t\t\t\t<\/div>\n\t\t\t\t\t<\/div>\n\t\t<\/div>\n\t\t\t\t\t<\/div>\n\t\t<\/section>\n\t\t\t\t<section class=\"elementor-section elementor-top-section elementor-element elementor-element-ae5f6b7 elementor-section-boxed elementor-section-height-default elementor-section-height-default\" data-id=\"ae5f6b7\" data-element_type=\"section\" data-e-type=\"section\">\n\t\t\t\t\t\t<div class=\"elementor-container elementor-column-gap-default\">\n\t\t\t\t\t<div class=\"elementor-column elementor-col-100 elementor-top-column elementor-element elementor-element-2da6254\" data-id=\"2da6254\" data-element_type=\"column\" data-e-type=\"column\">\n\t\t\t<div class=\"elementor-widget-wrap elementor-element-populated\">\n\t\t\t\t\t\t<div class=\"elementor-element elementor-element-ab73d1e elementor-widget elementor-widget-text-editor\" data-id=\"ab73d1e\" data-element_type=\"widget\" data-e-type=\"widget\" data-widget_type=\"text-editor.default\">\n\t\t\t\t<div class=\"elementor-widget-container\">\n\t\t\t\t\t\t\t\t\t<p>Es gibt mittlerweile <strong>effiziente Instrumente<\/strong>, um das &#8222;richtige&#8220; Verhalten von Unternehmen und anderen Organisationen zu erreichen. Jedes gr\u00f6\u00dfere Unternehmen hat l\u00e4ngst eine Abteilung f\u00fcr &#8222;Vielfalt und Integration&#8220; oder eine Abteilung f\u00fcr &#8222;Gesundheit, Sicherheit und Umwelt&#8220; mit weitreichenden Befugnissen. Doch das war erst der Anfang. Auf der Grundlage der &#8222;UN-Agenda 2030 f\u00fcr nachhaltige Entwicklung&#8220; wird ein <strong><a href=\"https:\/\/www.six-group.com\/en\/blog\/2023\/whats-an-esg-index.html\">ESG-Index f\u00fcr Investoren<\/a><\/strong> von m\u00e4chtigen Organisationen wie Black Rock und Banken in Zusammenarbeit mit Regierungen den Unternehmen aufgezwungen. Ziel ist es, \u00a0entweder ihre Kooperation zu erreichen oder ihre Existenz zu untergraben. Dieser Index ist in vielerlei Hinsicht ein <strong>Sozialkredit-Konto<\/strong> &#8211; eine Erfindung der Kommunistischen Partei Chinas, welche sie zur Kontrolle ihrer B\u00fcrger einsetzt.<\/p><p>Dieser Aspekt des &#8222;Great Reset&#8220; wird von <strong>Klaus Schwab<\/strong> selbst sehr best\u00e4tigt. In einem <a href=\"https:\/\/www.foxnews.com\/world\/world-economic-forum-chair-klaus-schwab-declares-chinese-state-tv-china-model-many-nations\">Interview<\/a> mit den chinesischen Staatsmedien \u00e4u\u00dfert er seine <strong>Bewunderung f\u00fcr die F\u00e4higkeit der Chinesen, Ziele zu erreichen<\/strong>. Sie h\u00e4tten das in den letzten 40 Jahren der \u00d6ffnungs- und Reformpolitik bewiesen. Dann erkl\u00e4rt er, dass &#8222;das chinesische Modell sicherlich ein sehr attraktives Vorbild f\u00fcr eine ganze Reihe von L\u00e4ndern ist&#8220;.<\/p><p><strong>Italien<\/strong> scheint dem zuzustimmen und hat begonnen, seine <a href=\"https:\/\/www.lifesitenews.com\/news\/new-social-credit-app-to-reward-italian-citizens-for-virtuous-behavior\/\">eigene Version<\/a> eines<strong> sozialen Punktesystems<\/strong> zu institutionalisieren, mit dem Ziel, die B\u00fcrger zu einem \u201egr\u00fcnen\u201c Verhalten zu bewegen.<\/p>\t\t\t\t\t\t\t\t<\/div>\n\t\t\t\t<\/div>\n\t\t\t\t\t<\/div>\n\t\t<\/div>\n\t\t\t\t\t<\/div>\n\t\t<\/section>\n\t\t\t\t<section class=\"elementor-section elementor-top-section elementor-element elementor-element-0656c5f elementor-section-boxed elementor-section-height-default elementor-section-height-default\" data-id=\"0656c5f\" data-element_type=\"section\" data-e-type=\"section\">\n\t\t\t\t\t\t<div class=\"elementor-container elementor-column-gap-default\">\n\t\t\t\t\t<div class=\"elementor-column elementor-col-100 elementor-top-column elementor-element elementor-element-6ad6627\" data-id=\"6ad6627\" data-element_type=\"column\" data-e-type=\"column\">\n\t\t\t<div class=\"elementor-widget-wrap elementor-element-populated\">\n\t\t\t\t\t\t<div class=\"elementor-element elementor-element-4a11707 elementor-widget elementor-widget-text-editor\" data-id=\"4a11707\" data-element_type=\"widget\" data-e-type=\"widget\" data-widget_type=\"text-editor.default\">\n\t\t\t\t<div class=\"elementor-widget-container\">\n\t\t\t\t\t\t\t\t\t<p>Schaut man sich die Konsequenzen des angstbasierten Managements von COVID und Klimawandel an, muss man sich fragen, wie sehr eine von <strong>oben nach unten gesteuerte Gesellschaft<\/strong> im Westen bereits Realit\u00e4t ist. Wir sehen die Eliten in ihren <a href=\"https:\/\/www.dailymail.co.uk\/news\/article-11416209\/FOUR-private-jets-arrived-Egypt-COP27-climate-delegates-accused-hypocrisy.html\">Privatjets<\/a> von Davos nach Sharm el Sheik (COP 27) reisen.\u00a0\u00a0<\/p>\t\t\t\t\t\t\t\t<\/div>\n\t\t\t\t<\/div>\n\t\t\t\t\t<\/div>\n\t\t<\/div>\n\t\t\t\t\t<\/div>\n\t\t<\/section>\n\t\t\t\t<section class=\"elementor-section elementor-top-section elementor-element elementor-element-a414117 elementor-section-boxed elementor-section-height-default elementor-section-height-default\" data-id=\"a414117\" data-element_type=\"section\" data-e-type=\"section\">\n\t\t\t\t\t\t<div class=\"elementor-container elementor-column-gap-default\">\n\t\t\t\t\t<div class=\"elementor-column elementor-col-100 elementor-top-column elementor-element elementor-element-17569bc\" data-id=\"17569bc\" data-element_type=\"column\" data-e-type=\"column\">\n\t\t\t<div class=\"elementor-widget-wrap elementor-element-populated\">\n\t\t\t\t\t\t<div class=\"elementor-element elementor-element-3436b84 elementor-widget elementor-widget-image\" data-id=\"3436b84\" data-element_type=\"widget\" data-e-type=\"widget\" data-widget_type=\"image.default\">\n\t\t\t\t<div class=\"elementor-widget-container\">\n\t\t\t\t\t\t\t\t\t\t\t\t\t\t\t<img decoding=\"async\" width=\"1024\" height=\"568\" src=\"https:\/\/de.facts2reason.com\/wp-content\/uploads\/2023\/03\/Davos-planes-1024x568.jpg\" class=\"attachment-large size-large wp-image-470\" alt=\"\" srcset=\"https:\/\/de.facts2reason.com\/wp-content\/uploads\/2023\/03\/Davos-planes-1024x568.jpg 1024w, https:\/\/de.facts2reason.com\/wp-content\/uploads\/2023\/03\/Davos-planes-300x167.jpg 300w, https:\/\/de.facts2reason.com\/wp-content\/uploads\/2023\/03\/Davos-planes-768x426.jpg 768w, https:\/\/de.facts2reason.com\/wp-content\/uploads\/2023\/03\/Davos-planes.jpg 1200w\" sizes=\"(max-width: 1024px) 100vw, 1024px\" \/>\t\t\t\t\t\t\t\t\t\t\t\t\t\t\t<\/div>\n\t\t\t\t<\/div>\n\t\t\t\t\t<\/div>\n\t\t<\/div>\n\t\t\t\t\t<\/div>\n\t\t<\/section>\n\t\t\t\t<section class=\"elementor-section elementor-top-section elementor-element elementor-element-b1cb616 elementor-section-boxed elementor-section-height-default elementor-section-height-default\" data-id=\"b1cb616\" data-element_type=\"section\" data-e-type=\"section\">\n\t\t\t\t\t\t<div class=\"elementor-container elementor-column-gap-default\">\n\t\t\t\t\t<div class=\"elementor-column elementor-col-100 elementor-top-column elementor-element elementor-element-f5fb13a\" data-id=\"f5fb13a\" data-element_type=\"column\" data-e-type=\"column\">\n\t\t\t<div class=\"elementor-widget-wrap elementor-element-populated\">\n\t\t\t\t\t\t<div class=\"elementor-element elementor-element-42225f8 elementor-widget elementor-widget-text-editor\" data-id=\"42225f8\" data-element_type=\"widget\" data-e-type=\"widget\" data-widget_type=\"text-editor.default\">\n\t\t\t\t<div class=\"elementor-widget-container\">\n\t\t\t\t\t\t\t\t\t<p>Dieselben Leute sagen den <strong>&#8222;unteren&#8220; 90 %<\/strong> der Welt, dass sie weniger Fleisch essen oder sogar hungern m\u00fcssen, dass sie <strong>keine Flugzeuge mehr fliegen<\/strong> d\u00fcrfen, dass sie im kalten Winter weder Kohle noch \u00d6l verbrennen d\u00fcrfen oder dass sie das Wort &#8222;M\u00fctter&#8220; durch &#8222;Geb\u00e4rende&#8220; ersetzen sollten.<\/p><p>Nicht zuf\u00e4llig ist im 21. Jahrhundert der <a href=\"https:\/\/www.cbo.gov\/publication\/57598\">Verm\u00f6gensanteil<\/a> des obersten 1 % in den USA von etwa 30 % auf etwa 34 % gestiegen. Allein zwischen M\u00e4rz 2020 und November 2022 hat sich das <strong>Verm\u00f6gen der 10 reichsten Milliard\u00e4re in den USA <a href=\"https:\/\/oxfamilibrary.openrepository.com\/bitstream\/handle\/10546\/621341\/tb-inequality-kills-methodology-note-170122-en.pdf\">verdoppelt<\/a><\/strong>. Eine solche Aufspaltung der Gesellschaft in eine allwissende, m\u00e4chtige und reiche Elite und den Rest ist die wichtigste Konsequenz des Great Reset (auch wenn hinter vielen gro\u00dfartig klingenden Formeln versteckt).<\/p><p>In den n\u00e4chsten beiden Blogs werde ich auf die beiden wichtigsten Beispiele eingehen, in denen der Great Reset bereits sein h\u00e4ssliches Gesicht gezeigt hat: die Covid-Pandemie und der Klimawandel.<\/p>\t\t\t\t\t\t\t\t<\/div>\n\t\t\t\t<\/div>\n\t\t\t\t\t<\/div>\n\t\t<\/div>\n\t\t\t\t\t<\/div>\n\t\t<\/section>\n\t\t\t\t<\/div>\n\t\t","protected":false},"excerpt":{"rendered":"<p>Einleitung Seit Jahren propagiert das Weltwirtschaftsforum (WEF) den &#8222;Great Reset&#8222;.\u00a0 Es sei die L\u00f6sung f\u00fcr die, wie es sagt, &#8222;Fragilit\u00e4t und die gesellschaftlich negativen Ergebnisse der heutigen kapitalistischen Wirtschaft&#8222;. Die von COVID aufgedeckten &#8222;vielen Schwachstellen &#8211; innerhalb von Unternehmen, Lieferketten, Volkswirtschaften, Gesundheitssystemen und politischen Institutionen\u201c \u00a0m\u00fcssten dringend angegangen werden. Weiter behauptet das WEF, dass &#8222;gebrochene [&hellip;]<\/p>\n","protected":false},"author":1,"featured_media":0,"comment_status":"open","ping_status":"closed","sticky":false,"template":"","format":"standard","meta":{"footnotes":""},"categories":[1],"tags":[],"class_list":["post-464","post","type-post","status-publish","format-standard","hentry","category-uncategorized"],"blocksy_meta":{"has_hero_section":"enabled","pageTitleFontColor":{"default":{"color":"#dbce77"}},"styles_descriptor":{"styles":{"desktop":"[data-prefix=\"single_blog_post\"] .entry-header .page-title {--theme-font-size:30px;--theme-heading-color:#dbce77;} [data-prefix=\"single_blog_post\"] .entry-header .entry-meta {--theme-font-weight:600;--theme-text-transform:uppercase;--theme-font-size:12px;--theme-line-height:1.3;}","tablet":"","mobile":""},"google_fonts":[],"version":6}},"featured_image_urls_v2":{"full":"","thumbnail":"","medium":"","medium_large":"","large":"","1536x1536":"","2048x2048":"","ultp_layout_landscape_large":"","ultp_layout_landscape":"","ultp_layout_portrait":"","ultp_layout_square":""},"post_excerpt_stackable_v2":"<p>Einleitung Seit Jahren propagiert das Weltwirtschaftsforum (WEF) den &#8222;Great Reset&#8222;.\u00a0 Es sei die L\u00f6sung f\u00fcr die, wie es sagt, &#8222;Fragilit\u00e4t und die gesellschaftlich negativen Ergebnisse der heutigen kapitalistischen Wirtschaft&#8222;. Die von COVID aufgedeckten &#8222;vielen Schwachstellen &#8211; innerhalb von Unternehmen, Lieferketten, Volkswirtschaften, Gesundheitssystemen und politischen Institutionen\u201c \u00a0m\u00fcssten dringend angegangen werden. Weiter behauptet das WEF, dass &#8222;gebrochene Anreize und Informationsfl\u00fcsse&#8220; &#8230; &#8222;das Herzst\u00fcck unseres derzeitigen Kapitalismusmodells&#8220; seien. Es meint damit, dass &#8222;die Kosten von Umwelt- und Sozialsch\u00e4den (nicht) internalisiert&#8220; werden. Die Investoren &#8222;integrieren &#8230; keine Umwelt-, Sozial- und Governance-Informationen (ESG) in Finanzanalysen und Bewertungsmodelle&#8220;.Daher vertritt es die Meinung nach COVID sei &#8222;ein&hellip;<\/p>\n","category_list_v2":"<a href=\"https:\/\/de.facts2reason.com\/index.php\/category\/uncategorized\/\" rel=\"category tag\">Allgemein<\/a>","author_info_v2":{"name":"admin","url":"https:\/\/de.facts2reason.com\/index.php\/author\/eglimarkusncll\/"},"comments_num_v2":"0 comments","yoast_head":"<!-- This site is optimized with the Yoast SEO plugin v27.5 - https:\/\/yoast.com\/product\/yoast-seo-wordpress\/ -->\n<title>Der Great Reset - Versprechen und Wirklichkeit - Westen Quo Vadis<\/title>\n<meta name=\"description\" content=\"Stakeholder Kapitalismus ist eine L\u00fcge. Die Stimme der Stakeholder wird von m\u00e4chtigen Interessen f\u00fcr eigen Zwecke missbraucht.\" \/>\n<meta name=\"robots\" content=\"index, follow, max-snippet:-1, max-image-preview:large, max-video-preview:-1\" \/>\n<link rel=\"canonical\" href=\"https:\/\/de.facts2reason.com\/index.php\/2023\/03\/12\/stakeholder-kapitalismus-und-great-reset-versprechen-und-wirklichkeit\/\" \/>\n<meta property=\"og:locale\" content=\"de_DE\" \/>\n<meta property=\"og:type\" content=\"article\" \/>\n<meta property=\"og:title\" content=\"Der Great Reset - Versprechen und Wirklichkeit - Westen Quo Vadis\" \/>\n<meta property=\"og:description\" content=\"Stakeholder Kapitalismus ist eine L\u00fcge. Die Stimme der Stakeholder wird von m\u00e4chtigen Interessen f\u00fcr eigen Zwecke missbraucht.\" \/>\n<meta property=\"og:url\" content=\"https:\/\/de.facts2reason.com\/index.php\/2023\/03\/12\/stakeholder-kapitalismus-und-great-reset-versprechen-und-wirklichkeit\/\" \/>\n<meta property=\"og:site_name\" content=\"Westen Quo Vadis\" \/>\n<meta property=\"article:published_time\" content=\"2023-03-12T12:07:17+00:00\" \/>\n<meta property=\"article:modified_time\" content=\"2024-02-21T13:25:58+00:00\" \/>\n<meta property=\"og:image\" content=\"https:\/\/de.facts2reason.com\/wp-content\/uploads\/2023\/03\/Schwab.jpg\" \/>\n<meta name=\"author\" content=\"admin\" \/>\n<meta name=\"twitter:card\" content=\"summary_large_image\" \/>\n<meta name=\"twitter:label1\" content=\"Verfasst von\" \/>\n\t<meta name=\"twitter:data1\" content=\"admin\" \/>\n\t<meta name=\"twitter:label2\" content=\"Gesch\u00e4tzte Lesezeit\" \/>\n\t<meta name=\"twitter:data2\" content=\"8\u00a0Minuten\" \/>\n<script type=\"application\/ld+json\" class=\"yoast-schema-graph\">{\"@context\":\"https:\\\/\\\/schema.org\",\"@graph\":[{\"@type\":\"Article\",\"@id\":\"https:\\\/\\\/de.facts2reason.com\\\/index.php\\\/2023\\\/03\\\/12\\\/stakeholder-kapitalismus-und-great-reset-versprechen-und-wirklichkeit\\\/#article\",\"isPartOf\":{\"@id\":\"https:\\\/\\\/de.facts2reason.com\\\/index.php\\\/2023\\\/03\\\/12\\\/stakeholder-kapitalismus-und-great-reset-versprechen-und-wirklichkeit\\\/\"},\"author\":{\"name\":\"admin\",\"@id\":\"https:\\\/\\\/de.facts2reason.com\\\/#\\\/schema\\\/person\\\/f43142daa7e093690606aacc28f4bffa\"},\"headline\":\"Der Great Reset &#8211; Versprechen und Wirklichkeit\",\"datePublished\":\"2023-03-12T12:07:17+00:00\",\"dateModified\":\"2024-02-21T13:25:58+00:00\",\"mainEntityOfPage\":{\"@id\":\"https:\\\/\\\/de.facts2reason.com\\\/index.php\\\/2023\\\/03\\\/12\\\/stakeholder-kapitalismus-und-great-reset-versprechen-und-wirklichkeit\\\/\"},\"wordCount\":1289,\"commentCount\":0,\"image\":{\"@id\":\"https:\\\/\\\/de.facts2reason.com\\\/index.php\\\/2023\\\/03\\\/12\\\/stakeholder-kapitalismus-und-great-reset-versprechen-und-wirklichkeit\\\/#primaryimage\"},\"thumbnailUrl\":\"https:\\\/\\\/de.facts2reason.com\\\/wp-content\\\/uploads\\\/2023\\\/03\\\/Schwab.jpg\",\"inLanguage\":\"de\",\"potentialAction\":[{\"@type\":\"CommentAction\",\"name\":\"Comment\",\"target\":[\"https:\\\/\\\/de.facts2reason.com\\\/index.php\\\/2023\\\/03\\\/12\\\/stakeholder-kapitalismus-und-great-reset-versprechen-und-wirklichkeit\\\/#respond\"]}]},{\"@type\":\"WebPage\",\"@id\":\"https:\\\/\\\/de.facts2reason.com\\\/index.php\\\/2023\\\/03\\\/12\\\/stakeholder-kapitalismus-und-great-reset-versprechen-und-wirklichkeit\\\/\",\"url\":\"https:\\\/\\\/de.facts2reason.com\\\/index.php\\\/2023\\\/03\\\/12\\\/stakeholder-kapitalismus-und-great-reset-versprechen-und-wirklichkeit\\\/\",\"name\":\"Der Great Reset - Versprechen und Wirklichkeit - Westen Quo Vadis\",\"isPartOf\":{\"@id\":\"https:\\\/\\\/de.facts2reason.com\\\/#website\"},\"primaryImageOfPage\":{\"@id\":\"https:\\\/\\\/de.facts2reason.com\\\/index.php\\\/2023\\\/03\\\/12\\\/stakeholder-kapitalismus-und-great-reset-versprechen-und-wirklichkeit\\\/#primaryimage\"},\"image\":{\"@id\":\"https:\\\/\\\/de.facts2reason.com\\\/index.php\\\/2023\\\/03\\\/12\\\/stakeholder-kapitalismus-und-great-reset-versprechen-und-wirklichkeit\\\/#primaryimage\"},\"thumbnailUrl\":\"https:\\\/\\\/de.facts2reason.com\\\/wp-content\\\/uploads\\\/2023\\\/03\\\/Schwab.jpg\",\"datePublished\":\"2023-03-12T12:07:17+00:00\",\"dateModified\":\"2024-02-21T13:25:58+00:00\",\"author\":{\"@id\":\"https:\\\/\\\/de.facts2reason.com\\\/#\\\/schema\\\/person\\\/f43142daa7e093690606aacc28f4bffa\"},\"description\":\"Stakeholder Kapitalismus ist eine L\u00fcge. Die Stimme der Stakeholder wird von m\u00e4chtigen Interessen f\u00fcr eigen Zwecke missbraucht.\",\"breadcrumb\":{\"@id\":\"https:\\\/\\\/de.facts2reason.com\\\/index.php\\\/2023\\\/03\\\/12\\\/stakeholder-kapitalismus-und-great-reset-versprechen-und-wirklichkeit\\\/#breadcrumb\"},\"inLanguage\":\"de\",\"potentialAction\":[{\"@type\":\"ReadAction\",\"target\":[\"https:\\\/\\\/de.facts2reason.com\\\/index.php\\\/2023\\\/03\\\/12\\\/stakeholder-kapitalismus-und-great-reset-versprechen-und-wirklichkeit\\\/\"]}]},{\"@type\":\"ImageObject\",\"inLanguage\":\"de\",\"@id\":\"https:\\\/\\\/de.facts2reason.com\\\/index.php\\\/2023\\\/03\\\/12\\\/stakeholder-kapitalismus-und-great-reset-versprechen-und-wirklichkeit\\\/#primaryimage\",\"url\":\"https:\\\/\\\/de.facts2reason.com\\\/wp-content\\\/uploads\\\/2023\\\/03\\\/Schwab.jpg\",\"contentUrl\":\"https:\\\/\\\/de.facts2reason.com\\\/wp-content\\\/uploads\\\/2023\\\/03\\\/Schwab.jpg\",\"width\":163,\"height\":205},{\"@type\":\"BreadcrumbList\",\"@id\":\"https:\\\/\\\/de.facts2reason.com\\\/index.php\\\/2023\\\/03\\\/12\\\/stakeholder-kapitalismus-und-great-reset-versprechen-und-wirklichkeit\\\/#breadcrumb\",\"itemListElement\":[{\"@type\":\"ListItem\",\"position\":1,\"name\":\"Home\",\"item\":\"https:\\\/\\\/de.facts2reason.com\\\/\"},{\"@type\":\"ListItem\",\"position\":2,\"name\":\"Der Great Reset &#8211; Versprechen und Wirklichkeit\"}]},{\"@type\":\"WebSite\",\"@id\":\"https:\\\/\\\/de.facts2reason.com\\\/#website\",\"url\":\"https:\\\/\\\/de.facts2reason.com\\\/\",\"name\":\"Westen Quo Vadis\",\"description\":\"Blog zur Krise des Westens in Kultur, Politik und Wissenschaft\",\"potentialAction\":[{\"@type\":\"SearchAction\",\"target\":{\"@type\":\"EntryPoint\",\"urlTemplate\":\"https:\\\/\\\/de.facts2reason.com\\\/?s={search_term_string}\"},\"query-input\":{\"@type\":\"PropertyValueSpecification\",\"valueRequired\":true,\"valueName\":\"search_term_string\"}}],\"inLanguage\":\"de\"},{\"@type\":\"Person\",\"@id\":\"https:\\\/\\\/de.facts2reason.com\\\/#\\\/schema\\\/person\\\/f43142daa7e093690606aacc28f4bffa\",\"name\":\"admin\",\"image\":{\"@type\":\"ImageObject\",\"inLanguage\":\"de\",\"@id\":\"https:\\\/\\\/secure.gravatar.com\\\/avatar\\\/756944c6ac3f57732f559ce1258cc28010d12184f50cd389441c7fdbdf8fb125?s=96&d=mm&r=g\",\"url\":\"https:\\\/\\\/secure.gravatar.com\\\/avatar\\\/756944c6ac3f57732f559ce1258cc28010d12184f50cd389441c7fdbdf8fb125?s=96&d=mm&r=g\",\"contentUrl\":\"https:\\\/\\\/secure.gravatar.com\\\/avatar\\\/756944c6ac3f57732f559ce1258cc28010d12184f50cd389441c7fdbdf8fb125?s=96&d=mm&r=g\",\"caption\":\"admin\"},\"sameAs\":[\"https:\\\/\\\/de.facts2reason.com\"],\"url\":\"https:\\\/\\\/de.facts2reason.com\\\/index.php\\\/author\\\/eglimarkusncll\\\/\"}]}<\/script>\n<!-- \/ Yoast SEO plugin. -->","yoast_head_json":{"title":"Der Great Reset - Versprechen und Wirklichkeit - Westen Quo Vadis","description":"Stakeholder Kapitalismus ist eine L\u00fcge. Die Stimme der Stakeholder wird von m\u00e4chtigen Interessen f\u00fcr eigen Zwecke missbraucht.","robots":{"index":"index","follow":"follow","max-snippet":"max-snippet:-1","max-image-preview":"max-image-preview:large","max-video-preview":"max-video-preview:-1"},"canonical":"https:\/\/de.facts2reason.com\/index.php\/2023\/03\/12\/stakeholder-kapitalismus-und-great-reset-versprechen-und-wirklichkeit\/","og_locale":"de_DE","og_type":"article","og_title":"Der Great Reset - Versprechen und Wirklichkeit - Westen Quo Vadis","og_description":"Stakeholder Kapitalismus ist eine L\u00fcge. Die Stimme der Stakeholder wird von m\u00e4chtigen Interessen f\u00fcr eigen Zwecke missbraucht.","og_url":"https:\/\/de.facts2reason.com\/index.php\/2023\/03\/12\/stakeholder-kapitalismus-und-great-reset-versprechen-und-wirklichkeit\/","og_site_name":"Westen Quo Vadis","article_published_time":"2023-03-12T12:07:17+00:00","article_modified_time":"2024-02-21T13:25:58+00:00","og_image":[{"url":"https:\/\/de.facts2reason.com\/wp-content\/uploads\/2023\/03\/Schwab.jpg","type":"","width":"","height":""}],"author":"admin","twitter_card":"summary_large_image","twitter_misc":{"Verfasst von":"admin","Gesch\u00e4tzte Lesezeit":"8\u00a0Minuten"},"schema":{"@context":"https:\/\/schema.org","@graph":[{"@type":"Article","@id":"https:\/\/de.facts2reason.com\/index.php\/2023\/03\/12\/stakeholder-kapitalismus-und-great-reset-versprechen-und-wirklichkeit\/#article","isPartOf":{"@id":"https:\/\/de.facts2reason.com\/index.php\/2023\/03\/12\/stakeholder-kapitalismus-und-great-reset-versprechen-und-wirklichkeit\/"},"author":{"name":"admin","@id":"https:\/\/de.facts2reason.com\/#\/schema\/person\/f43142daa7e093690606aacc28f4bffa"},"headline":"Der Great Reset &#8211; Versprechen und Wirklichkeit","datePublished":"2023-03-12T12:07:17+00:00","dateModified":"2024-02-21T13:25:58+00:00","mainEntityOfPage":{"@id":"https:\/\/de.facts2reason.com\/index.php\/2023\/03\/12\/stakeholder-kapitalismus-und-great-reset-versprechen-und-wirklichkeit\/"},"wordCount":1289,"commentCount":0,"image":{"@id":"https:\/\/de.facts2reason.com\/index.php\/2023\/03\/12\/stakeholder-kapitalismus-und-great-reset-versprechen-und-wirklichkeit\/#primaryimage"},"thumbnailUrl":"https:\/\/de.facts2reason.com\/wp-content\/uploads\/2023\/03\/Schwab.jpg","inLanguage":"de","potentialAction":[{"@type":"CommentAction","name":"Comment","target":["https:\/\/de.facts2reason.com\/index.php\/2023\/03\/12\/stakeholder-kapitalismus-und-great-reset-versprechen-und-wirklichkeit\/#respond"]}]},{"@type":"WebPage","@id":"https:\/\/de.facts2reason.com\/index.php\/2023\/03\/12\/stakeholder-kapitalismus-und-great-reset-versprechen-und-wirklichkeit\/","url":"https:\/\/de.facts2reason.com\/index.php\/2023\/03\/12\/stakeholder-kapitalismus-und-great-reset-versprechen-und-wirklichkeit\/","name":"Der Great Reset - Versprechen und Wirklichkeit - Westen Quo Vadis","isPartOf":{"@id":"https:\/\/de.facts2reason.com\/#website"},"primaryImageOfPage":{"@id":"https:\/\/de.facts2reason.com\/index.php\/2023\/03\/12\/stakeholder-kapitalismus-und-great-reset-versprechen-und-wirklichkeit\/#primaryimage"},"image":{"@id":"https:\/\/de.facts2reason.com\/index.php\/2023\/03\/12\/stakeholder-kapitalismus-und-great-reset-versprechen-und-wirklichkeit\/#primaryimage"},"thumbnailUrl":"https:\/\/de.facts2reason.com\/wp-content\/uploads\/2023\/03\/Schwab.jpg","datePublished":"2023-03-12T12:07:17+00:00","dateModified":"2024-02-21T13:25:58+00:00","author":{"@id":"https:\/\/de.facts2reason.com\/#\/schema\/person\/f43142daa7e093690606aacc28f4bffa"},"description":"Stakeholder Kapitalismus ist eine L\u00fcge. Die Stimme der Stakeholder wird von m\u00e4chtigen Interessen f\u00fcr eigen Zwecke missbraucht.","breadcrumb":{"@id":"https:\/\/de.facts2reason.com\/index.php\/2023\/03\/12\/stakeholder-kapitalismus-und-great-reset-versprechen-und-wirklichkeit\/#breadcrumb"},"inLanguage":"de","potentialAction":[{"@type":"ReadAction","target":["https:\/\/de.facts2reason.com\/index.php\/2023\/03\/12\/stakeholder-kapitalismus-und-great-reset-versprechen-und-wirklichkeit\/"]}]},{"@type":"ImageObject","inLanguage":"de","@id":"https:\/\/de.facts2reason.com\/index.php\/2023\/03\/12\/stakeholder-kapitalismus-und-great-reset-versprechen-und-wirklichkeit\/#primaryimage","url":"https:\/\/de.facts2reason.com\/wp-content\/uploads\/2023\/03\/Schwab.jpg","contentUrl":"https:\/\/de.facts2reason.com\/wp-content\/uploads\/2023\/03\/Schwab.jpg","width":163,"height":205},{"@type":"BreadcrumbList","@id":"https:\/\/de.facts2reason.com\/index.php\/2023\/03\/12\/stakeholder-kapitalismus-und-great-reset-versprechen-und-wirklichkeit\/#breadcrumb","itemListElement":[{"@type":"ListItem","position":1,"name":"Home","item":"https:\/\/de.facts2reason.com\/"},{"@type":"ListItem","position":2,"name":"Der Great Reset &#8211; Versprechen und Wirklichkeit"}]},{"@type":"WebSite","@id":"https:\/\/de.facts2reason.com\/#website","url":"https:\/\/de.facts2reason.com\/","name":"Westen Quo Vadis","description":"Blog zur Krise des Westens in Kultur, Politik und Wissenschaft","potentialAction":[{"@type":"SearchAction","target":{"@type":"EntryPoint","urlTemplate":"https:\/\/de.facts2reason.com\/?s={search_term_string}"},"query-input":{"@type":"PropertyValueSpecification","valueRequired":true,"valueName":"search_term_string"}}],"inLanguage":"de"},{"@type":"Person","@id":"https:\/\/de.facts2reason.com\/#\/schema\/person\/f43142daa7e093690606aacc28f4bffa","name":"admin","image":{"@type":"ImageObject","inLanguage":"de","@id":"https:\/\/secure.gravatar.com\/avatar\/756944c6ac3f57732f559ce1258cc28010d12184f50cd389441c7fdbdf8fb125?s=96&d=mm&r=g","url":"https:\/\/secure.gravatar.com\/avatar\/756944c6ac3f57732f559ce1258cc28010d12184f50cd389441c7fdbdf8fb125?s=96&d=mm&r=g","contentUrl":"https:\/\/secure.gravatar.com\/avatar\/756944c6ac3f57732f559ce1258cc28010d12184f50cd389441c7fdbdf8fb125?s=96&d=mm&r=g","caption":"admin"},"sameAs":["https:\/\/de.facts2reason.com"],"url":"https:\/\/de.facts2reason.com\/index.php\/author\/eglimarkusncll\/"}]}},"rttpg_featured_image_url":null,"rttpg_author":{"display_name":"admin","author_link":"https:\/\/de.facts2reason.com\/index.php\/author\/eglimarkusncll\/"},"rttpg_comment":0,"rttpg_category":"<a href=\"https:\/\/de.facts2reason.com\/index.php\/category\/uncategorized\/\" rel=\"category tag\">Allgemein<\/a>","rttpg_excerpt":"Einleitung Seit Jahren propagiert das Weltwirtschaftsforum (WEF) den &#8222;Great Reset&#8222;.\u00a0 Es sei die L\u00f6sung f\u00fcr die, wie es sagt, &#8222;Fragilit\u00e4t und die gesellschaftlich negativen Ergebnisse der heutigen kapitalistischen Wirtschaft&#8222;. Die von COVID aufgedeckten &#8222;vielen Schwachstellen &#8211; innerhalb von Unternehmen, Lieferketten, Volkswirtschaften, Gesundheitssystemen und politischen Institutionen\u201c \u00a0m\u00fcssten dringend angegangen werden. Weiter behauptet das WEF, dass &#8222;gebrochene&hellip;","_links":{"self":[{"href":"https:\/\/de.facts2reason.com\/index.php\/wp-json\/wp\/v2\/posts\/464","targetHints":{"allow":["GET"]}}],"collection":[{"href":"https:\/\/de.facts2reason.com\/index.php\/wp-json\/wp\/v2\/posts"}],"about":[{"href":"https:\/\/de.facts2reason.com\/index.php\/wp-json\/wp\/v2\/types\/post"}],"author":[{"embeddable":true,"href":"https:\/\/de.facts2reason.com\/index.php\/wp-json\/wp\/v2\/users\/1"}],"replies":[{"embeddable":true,"href":"https:\/\/de.facts2reason.com\/index.php\/wp-json\/wp\/v2\/comments?post=464"}],"version-history":[{"count":30,"href":"https:\/\/de.facts2reason.com\/index.php\/wp-json\/wp\/v2\/posts\/464\/revisions"}],"predecessor-version":[{"id":598,"href":"https:\/\/de.facts2reason.com\/index.php\/wp-json\/wp\/v2\/posts\/464\/revisions\/598"}],"wp:attachment":[{"href":"https:\/\/de.facts2reason.com\/index.php\/wp-json\/wp\/v2\/media?parent=464"}],"wp:term":[{"taxonomy":"category","embeddable":true,"href":"https:\/\/de.facts2reason.com\/index.php\/wp-json\/wp\/v2\/categories?post=464"},{"taxonomy":"post_tag","embeddable":true,"href":"https:\/\/de.facts2reason.com\/index.php\/wp-json\/wp\/v2\/tags?post=464"}],"curies":[{"name":"wp","href":"https:\/\/api.w.org\/{rel}","templated":true}]}}